{"id":766,"date":"2022-06-06T18:25:52","date_gmt":"2022-06-06T21:25:52","guid":{"rendered":"https:\/\/www.construtoramtf.com.br\/blog\/?p=766"},"modified":"2024-05-29T13:34:15","modified_gmt":"2024-05-29T16:34:15","slug":"palmas-do-arvoredo","status":"publish","type":"post","link":"https:\/\/www.construtoramtf.com.br\/blog\/palmas-do-arvoredo\/","title":{"rendered":"Valoriza\u00e7\u00e3o recorde de Palmas do Arvoredo: entenda porque a regi\u00e3o s\u00f3 cresce!"},"content":{"rendered":"<p><span style=\"font-weight: 400;\">Voc\u00ea, investidor, procura uma cidade para comprar um im\u00f3vel e obter lucro exponencial? N\u00f3s conhecemos um lugar com praia, natureza exuberante e localiza\u00e7\u00e3o estrat\u00e9gica, perto de Florian\u00f3polis e Balne\u00e1rio Cambori\u00fa, por exemplo. Esse lugar \u00e9 Palmas do Arvoredo, a principal praia de <\/span><a href=\"https:\/\/www.construtoramtf.com.br\/blog\/tudo-que-voce-precisa-saber-sobre-governador-celso-ramos\/#:~:text=Governador%20Celso%20Ramos%20%C3%A9%20uma,para%20morar%20ou%20passar%20f%C3%A9rias\" target=\"_blank\" rel=\"noopener\"><span style=\"font-weight: 400;\">Governador Celso Ramos<\/span><\/a><span style=\"font-weight: 400;\">.<\/span><\/p>\n<p><!--more--><\/p>\n<p><span style=\"font-weight: 400;\">Nos \u00faltimos anos, essa regi\u00e3o est\u00e1 obtendo uma <\/span><b>valoriza\u00e7\u00e3o recorde e voc\u00ea tamb\u00e9m pode se beneficiar disso.<\/b><span style=\"font-weight: 400;\"> Para tanto, vamos apresentar as principais caracter\u00edsticas do local e abordar alguns motivos que explicam a sua hist\u00f3rica valoriza\u00e7\u00e3o.<\/span><\/p>\n<p><span style=\"font-weight: 400;\">Hoje, sua procura por uma cidade para investir pode acabar. Siga a leitura e entenda porque investir em Palmas do Arvoredo \u00e9 sin\u00f4nimo de alta lucratividade.<\/span><\/p>\n<p>&nbsp;<\/p>\n<h2><span style=\"font-weight: 400;\">Como \u00e9 Palmas do Arvoredo<\/span><\/h2>\n<p><span style=\"font-weight: 400;\">A praia de Palmas \u00e9 a mais importante de Governador Celso Ramos, cidade com aproximadamente 14 mil habitantes e a cerca de 50 quil\u00f4metros de Florian\u00f3polis, em Santa Catarina.<\/span><\/p>\n<p><span style=\"font-weight: 400;\">Nos \u00faltimos anos, essa regi\u00e3o est\u00e1 em constante valoriza\u00e7\u00e3o, atraindo cada vez mais investidores. S\u00e3o pessoas de vis\u00e3o, que sabem o que uma cidade precisa para ser desejada por novos moradores.\u00a0<\/span><\/p>\n<p><b>Governador Celso Ramos \u00e9 uma cidade com natureza exuberante, in\u00fameras belezas naturais, principalmente praias.<\/b><span style=\"font-weight: 400;\"> Para ficar em dois exemplos, \u00e9 em Governador Celso Ramos que est\u00e3o a Reserva Marinha Biol\u00f3gica do Arvoredo e a \u00e1rea de prote\u00e7\u00e3o ambiental de Anhatomirim.<\/span><\/p>\n<p><span style=\"font-weight: 400;\">Mesmo sendo um lugar tranquilo, que preserva suas belezas, a cidade n\u00e3o \u00e9 v\u00edtima do atraso. Pelo contr\u00e1rio, se destaca em infraestrutura, facilidade de acesso e em seguran\u00e7a.\u00a0<\/span><\/p>\n<p><span style=\"font-weight: 400;\">A\u00ed est\u00e3o alguns motivos que explicam a valoriza\u00e7\u00e3o dos sonhos observada na regi\u00e3o. Tamb\u00e9m explicam porque os moradores n\u00e3o querem sair do local e o fato de que mais pessoas querem chegar.<\/span><\/p>\n<p>&nbsp;<\/p>\n<h3><span style=\"font-weight: 400;\">Hist\u00f3ria<\/span><\/h3>\n<p><span style=\"font-weight: 400;\">A hist\u00f3ria da Praia de Palmas est\u00e1 diretamente ligada ao loteamento Palmas do Arvoredo, que \u00e9 tamb\u00e9m o melhor exemplo de valoriza\u00e7\u00e3o da regi\u00e3o. De 20 anos para c\u00e1, alguns terrenos desse empreendimento alcan\u00e7aram uma <\/span><a href=\"https:\/\/www.construtoramtf.com.br\/blog\/qualidades-de-um-imovel-com-alta-valorizacao-de-mercado\/\" target=\"_blank\" rel=\"noopener\"><span style=\"font-weight: 400;\">valoriza\u00e7\u00e3o<\/span><\/a><span style=\"font-weight: 400;\"> acumulada de 4.000%. Um dos artif\u00edcios para esse resultado foi o modelo adotado para o loteamento.\u00a0<\/span><\/p>\n<p><b>A fim de evitar o crescimento desordenado, os empreendedores optaram pela venda programada de im\u00f3veis.<\/b><span style=\"font-weight: 400;\"> Ela ocorreu de forma anual e limitando o uso do solo. Assim, num ritmo de ocupa\u00e7\u00e3o planejado, foi poss\u00edvel, entre outros benef\u00edcios, manter oito \u00e1reas de preserva\u00e7\u00e3o da Mata Atl\u00e2ntica no local.<\/span><\/p>\n<p><span style=\"font-weight: 400;\">O projeto \u00e9 assinado pelo arquiteto e urbanista <\/span><b>S\u00e9rgio Sclovsky<\/b><span style=\"font-weight: 400;\">. Gra\u00e7as aos seus conceitos, o loteamento tem ruas, passagens de pedestres e avenidas amplas, por\u00e9m, com as \u00e1reas de mata do local preservadas.<\/span><\/p>\n<p>&nbsp;<\/p>\n<h3><span style=\"font-weight: 400;\">A praia de Palmas na atualidade<\/span><\/h3>\n<p><span style=\"font-weight: 400;\">O Loteamento Palmas do Arvoredo foi pioneiro na regi\u00e3o, mas a Praia de Palmas tem muito mais op\u00e7\u00f5es de investimento hoje. O entorno da praia \u00e9 majoritariamente residencial e urbanizado, o que representa uma <\/span><b>grande diversidade de servi\u00e7os para turistas e moradores.<\/b><span style=\"font-weight: 400;\">\u00a0<\/span><\/p>\n<p><span style=\"font-weight: 400;\">Gra\u00e7as aos investimentos do passado, que desenvolveram a regi\u00e3o, hoje, n\u00e3o faltam op\u00e7\u00f5es de restaurantes, barzinhos e food trucks. Quem vai apenas passar f\u00e9rias pode ficar em hot\u00e9is, pousadas, ou em \u00e1reas de camping.<\/span><\/p>\n<p><span style=\"font-weight: 400;\">Mais recentemente, a pandemia provocou mudan\u00e7as no perfil de compradores da regi\u00e3o. Antes, a maioria buscava casa de veraneio. Agora, no entanto, aumentou a procura por moradia para o ano inteiro.<\/span><\/p>\n<p><span style=\"font-weight: 400;\">A nova realidade mudou, tamb\u00e9m, o perfil das constru\u00e7\u00f5es. Os compradores come\u00e7aram a pedir solu\u00e7\u00f5es como tubula\u00e7\u00e3o para \u00e1gua quente, elevadores, piscina aquecida e at\u00e9 energia fotovoltaica.<\/span><\/p>\n<p>&nbsp;<\/p>\n<h3><span style=\"font-weight: 400;\">Estrutura da Praia de Palmas<\/span><\/h3>\n<p><span style=\"font-weight: 400;\">Com cerca de 3 quil\u00f4metros de extens\u00e3o, a Praia de Palmas \u00e9 a mais importante do munic\u00edpio. Al\u00e9m de maior, \u00e9 a mais estruturada e procurada por banhistas. Cercada por montanhas, \u00e9 uma praia que se diferencia pela beleza. O mar chega a ter tons de verde e a qualidade da \u00e1gua \u00e9 outro atrativo.<\/span><\/p>\n<p><span style=\"font-weight: 400;\">Gra\u00e7as \u00e0s suas caracter\u00edsticas, o balne\u00e1rio \u00e9 considerado um ref\u00fagio para aqueles que buscam a tranquilidade do contato com a natureza e n\u00e3o abrem m\u00e3o de conforto. Como a praia tem excelente infraestrutura, \u00e9 poss\u00edvel encontrar tudo isso em Palmas.<\/span><\/p>\n<p><span style=\"font-weight: 400;\">Uma praia grande, bonita e estruturada, com lixeiras espalhadas pela orla, postos de guarda-vidas, banheiros, duchas e acessibilidade para cadeirantes. Para se hospedar, al\u00e9m dos hot\u00e9is, pousadas e campings, Palmas tem grande oferta de casas e apartamentos para alugar no sistema de di\u00e1rias.<\/span><\/p>\n<div id=\"formulario-w-09-praia-de-palmas-de56b00828fdef2a2ce4\" role=\"main\"><\/div>\n<p><script type=\"text\/javascript\" src=\"https:\/\/d335luupugsy2.cloudfront.net\/js\/rdstation-forms\/stable\/rdstation-forms.min.js\"><\/script><script type=\"text\/javascript\"> new RDStationForms('formulario-w-09-praia-de-palmas-de56b00828fdef2a2ce4', 'UA-65204012-1').createForm();<\/script><\/p>\n<h3><span style=\"font-weight: 400;\">Atrativos<\/span><\/h3>\n<p><b>A Praia de Palmas \u00e9 uma praia que se posiciona facilmente entre os visuais mais paradis\u00edacos de Santa Catarina.<\/b><span style=\"font-weight: 400;\"> Imagine uma praia com uma larga faixa de areia branquinha, antes de um mar com \u00e1gua cristalina. Palmas \u00e9 exatamente assim, o que ajuda a explicar porque \u00e9 uma das mais frequentadas do munic\u00edpio.<\/span><\/p>\n<p><span style=\"font-weight: 400;\">Embora badalada, n\u00e3o deixa de ser um local interessante para quem busca sossego, pois a natureza e as paisagens s\u00e3o os principais atrativos. Da Praia de Palmas, por exemplo, \u00e9 poss\u00edvel enxergar as ilhas Grande, de Palmas e dos Trinta Reis.\u00a0<\/span><\/p>\n<p><span style=\"font-weight: 400;\">As praias vizinhas s\u00e3o desertas, mas tamb\u00e9m muito bonitas e acess\u00edveis por trilhas. Quem quiser se aventurar n\u00e3o vai se arrepender. Mas \u00e9 importante levar alguns mantimentos, pois n\u00e3o existe a mesma estrutura, tanto na Praia de Fora, \u00e0 esquerda, quanto na Praia Ilh\u00e9us, \u00e0 direita.<\/span><\/p>\n<p><span style=\"font-weight: 400;\">Completam o cen\u00e1rio da Praia de Palmas, no seu entorno, morros e Mata Atl\u00e2ntica. A praia tamb\u00e9m possui lugares hist\u00f3ricos, como engenhos de cana de a\u00e7\u00facar e a Casa Grande.\u00a0<\/span><\/p>\n<p><span style=\"font-weight: 400;\">E, como tem um banco de areia bastante firme, sem buracos, sempre com ondas e muitas tubulares, o balne\u00e1rio j\u00e1 recebeu diversas competi\u00e7\u00f5es nacionais e internacionais de surfe. Mesmo sem competir, a praia costuma ter muitos surfistas aproveitando as caracter\u00edsticas e belezas do local.<\/span><\/p>\n<p>&nbsp;<\/p>\n<h3><span style=\"font-weight: 400;\">Localiza\u00e7\u00e3o<\/span><\/h3>\n<p><span style=\"font-weight: 400;\">A Praia de Palmas fica a 4 quil\u00f4metros de Ganchos do Meio, sede do munic\u00edpio de Governador Celso Ramos. Os dois acessos para chegar \u00e0 praia s\u00e3o pavimentados e conectados pela BR-101.<\/span><\/p>\n<p><span style=\"font-weight: 400;\">Pelo Norte, os motoristas utilizam a rodovia SC-410 e passam pelo centro. Pelo Sul, o caminho tamb\u00e9m \u00e9 a SC-410, mas o trajeto \u00e9 mais atraente, porque perpassa v\u00e1rias praias da cidade.<\/span><\/p>\n<p><span style=\"font-weight: 400;\">As capitais mais pr\u00f3ximas de Governador Celso Ramos s\u00e3o Florian\u00f3polis, cerca de 50 quil\u00f4metros, depois Curitiba, a quase 300 quil\u00f4metros e Porto Alegre, a quase 500 quil\u00f4metros.<\/span><\/p>\n<p>&nbsp;<\/p>\n<h2><span style=\"font-weight: 400;\">Valoriza\u00e7\u00e3o recorde<\/span><\/h2>\n<p><span style=\"font-weight: 400;\">Muitos motivos explicam a valoriza\u00e7\u00e3o recorde de Palmas do Arvoredo e regi\u00e3o no tempo recente. A seguir, vamos abordar alguns deles para que voc\u00ea, investidor, tenha certeza de que essa \u00e9 uma aposta segura.<\/span><\/p>\n<p>&nbsp;<\/p>\n<h3><span style=\"font-weight: 400;\">Regi\u00e3o em franco crescimento<\/span><\/h3>\n<p><span style=\"font-weight: 400;\">Palmas do Arvoredo \u2013 e o munic\u00edpio de Governador Celso Ramos como um todo \u2013 \u00e9 uma regi\u00e3o em franco crescimento. Esse \u00e9 um dos motivos que torna o local interessante para os investidores. Se voc\u00ea procura uma regi\u00e3o para investir, a Praia de Palmas tem que entrar no seu radar.<\/span><\/p>\n<p>&nbsp;<\/p>\n<h3><span style=\"font-weight: 400;\">IDH alto<\/span><\/h3>\n<p><span style=\"font-weight: 400;\">O IDH (\u00cdndice de Desenvolvimento Humano) \u00e9 outra alavanca na valoriza\u00e7\u00e3o da regi\u00e3o. O \u00edndice \u00e9 medido com base em uma s\u00e9rie de aspectos, como renda, longevidade dos habitantes e educa\u00e7\u00e3o. Governador Celso Ramos se destaca, principalmente, nos dois \u00faltimos. No quesito longevidade, inclusive, fica acima da m\u00e9dia no comparativo com o restante do Estado.<\/span><\/p>\n<p>&nbsp;<\/p>\n<h3><span style=\"font-weight: 400;\">Infraestrutura sustent\u00e1vel<\/span><\/h3>\n<p><span style=\"font-weight: 400;\">Outro motivo que explica a valoriza\u00e7\u00e3o de Palmas do Arvoredo e regi\u00e3o \u00e9 que, embora em desenvolvimento, a localidade n\u00e3o destr\u00f3i suas belezas naturais. Ou seja, possui uma <\/span><b>infraestrutura sustent\u00e1vel<\/b><span style=\"font-weight: 400;\">, que entrega tudo o que os turistas querem ver, sem prejudicar a qualidade de vida dos moradores.<\/span><\/p>\n<p>&nbsp;<\/p>\n<h3><span style=\"font-weight: 400;\">Localiza\u00e7\u00e3o privilegiada<\/span><\/h3>\n<p><span style=\"font-weight: 400;\">Outro fator que interfere na valoriza\u00e7\u00e3o e atrai investimentos \u00e9 a localiza\u00e7\u00e3o privilegiada. Governador Celso Ramos est\u00e1 muito perto de outros destinos, em Santa Catarina, que t\u00eam o metro quadrado entre os mais caros do Brasil. S\u00e3o eles: Balne\u00e1rio Cambori\u00fa, Itapema, Florian\u00f3polis e Itaja\u00ed.<\/span><\/p>\n<p>&nbsp;<\/p>\n<h2><span style=\"font-weight: 400;\">A Construtora MTF em Palmas<\/span><\/h2>\n<p><span style=\"font-weight: 400;\">Ao perceber o potencial da regi\u00e3o de Palmas do Arvoredo, muitas construtoras passaram a investir pesado no local. Uma delas foi a Construtora MTF, que j\u00e1 tem 7 empreendimentos entregues, um lan\u00e7amento \u2013 o <\/span><a href=\"https:\/\/www.construtoramtf.com.br\/empreendimento\/16\/mvillage-jardim\" target=\"_blank\" rel=\"noopener\"><span style=\"font-weight: 400;\">MVillage Jardim<\/span><\/a><span style=\"font-weight: 400;\"> \u2013 e outros dois projetos em andamento.<\/span><\/p>\n<p><span style=\"font-weight: 400;\">O diretor da MTF, Thiago Muller, conhece os avan\u00e7os mais recentes de Palmas do Arvoredo. Na percep\u00e7\u00e3o dele, Palmas \u00e9 cada vez mais cobi\u00e7ada por pessoas que buscam op\u00e7\u00e3o para todo ano e n\u00e3o somente na <\/span><a href=\"https:\/\/www.construtoramtf.com.br\/blog\/investir-em-imoveis-para-temporada\/\" target=\"_blank\" rel=\"noopener\"><span style=\"font-weight: 400;\">temporada<\/span><\/a><span style=\"font-weight: 400;\">.\u00a0<\/span><\/p>\n<p><span style=\"font-weight: 400;\">O primeiro investimento da MTF na Praia de Palmas foi feito h\u00e1 mais de uma d\u00e9cada e muita coisa mudou de 2011 para c\u00e1. Em seu novo lan\u00e7amento na regi\u00e3o, a construtora planejou um empreendimento para atender aqueles que desejam morar na praia e ter um apartamento, pr\u00f3ximo do mar, o ano todo.\u00a0<\/span><\/p>\n<p><span style=\"font-weight: 400;\">Por isso, o im\u00f3vel vir\u00e1 com diversas op\u00e7\u00f5es de lazer e espa\u00e7os de conviv\u00eancia. Nem todo dia o sol brilha e, ciente disso, a MTF vem com um empreendimento com atrativos tamb\u00e9m para os dias frios e de chuva.<\/span><\/p>\n<p>&nbsp;<\/p>\n<h3><span style=\"font-weight: 400;\">Hist\u00f3ria de sucesso<\/span><\/h3>\n<p><span style=\"font-weight: 400;\">Nas apostas anteriores de investimento na regi\u00e3o, <\/span><b>a construtora j\u00e1 teve empreendimentos com at\u00e9 100% de valoriza\u00e7\u00e3o. <\/b><span style=\"font-weight: 400;\">Isso comprova a supervaloriza\u00e7\u00e3o do local e, claro, o padr\u00e3o de qualidade da MTF.<\/span><\/p>\n<p><span style=\"font-weight: 400;\">Em breve, a empresa vai lan\u00e7ar outro empreendimento com potencial para valorizar ainda mais a regi\u00e3o. Al\u00e9m de mais moradias na cidade, essa novidade vai trazer mais com\u00e9rcios e servi\u00e7os para toda a popula\u00e7\u00e3o, pois ser\u00e1 um empreendimento misto.<\/span><\/p>\n<p><span style=\"font-weight: 400;\">Gostou da leitura? Aqui no site da MTF est\u00e3o todos os <\/span><a href=\"https:\/\/www.construtoramtf.com.br\/empreendimentos\" target=\"_blank\" rel=\"noopener\"><span style=\"font-weight: 400;\">empreendimentos<\/span><\/a><span style=\"font-weight: 400;\"> da construtora. Visite e voc\u00ea vai entender porque a construtora n\u00e3o para de levantar im\u00f3veis em Palmas do Arvoredo e regi\u00e3o. At\u00e9 a pr\u00f3xima!<\/span><\/p>\n<p><a href=\"https:\/\/conteudo.construtoramtf.com.br\/praia-de-palmas\" target=\"_blank\" rel=\"noopener\" class=\"broken_link\"><img loading=\"lazy\" class=\"aligncenter size-full wp-image-1130\" src=\"https:\/\/www.construtoramtf.com.br\/blog\/wp-content\/uploads\/2022\/06\/MTF_W.09_CTAs_Rodape_blog.png\" alt=\"\" width=\"600\" height=\"181\" srcset=\"https:\/\/www.construtoramtf.com.br\/blog\/wp-content\/uploads\/2022\/06\/MTF_W.09_CTAs_Rodape_blog.png 600w, https:\/\/www.construtoramtf.com.br\/blog\/wp-content\/uploads\/2022\/06\/MTF_W.09_CTAs_Rodape_blog-300x91.png 300w\" sizes=\"(max-width: 600px) 100vw, 600px\" \/><\/a><\/p>\n","protected":false},"excerpt":{"rendered":"<p>Voc\u00ea, investidor, procura uma cidade para comprar um im\u00f3vel e obter lucro exponencial? N\u00f3s conhecemos um lugar com praia, natureza exuberante e localiza\u00e7\u00e3o estrat\u00e9gica, perto de Florian\u00f3polis e Balne\u00e1rio Cambori\u00fa, por exemplo. Esse lugar \u00e9 Palmas do Arvoredo, a principal praia de Governador Celso Ramos.<\/p>\n","protected":false},"author":1,"featured_media":717,"comment_status":"open","ping_status":"open","sticky":false,"template":"","format":"standard","meta":[],"categories":[2],"tags":[],"yoast_head":"<!-- This site is optimized with the Yoast SEO plugin v18.4.1 - https:\/\/yoast.com\/wordpress\/plugins\/seo\/ -->\n<title>Entenda a valoriza\u00e7\u00e3o recorde de Palmas do Arvoredo<\/title>\n<meta name=\"description\" content=\"Palmas de Arvoredo \u00e9 a principal praia de Governador Celso Ramos; no artigo, entenda porque investir nesse local \u00e9 sin\u00f4nimo de lucro\" \/>\n<meta name=\"robots\" content=\"index, follow, max-snippet:-1, max-image-preview:large, max-video-preview:-1\" \/>\n<link rel=\"canonical\" href=\"https:\/\/www.construtoramtf.com.br\/blog\/palmas-do-arvoredo\/\" \/>\n<meta property=\"og:locale\" content=\"pt_BR\" \/>\n<meta property=\"og:type\" content=\"article\" \/>\n<meta property=\"og:title\" content=\"Entenda a valoriza\u00e7\u00e3o recorde de Palmas do Arvoredo\" \/>\n<meta property=\"og:description\" content=\"Palmas de Arvoredo \u00e9 a principal praia de Governador Celso Ramos; no artigo, entenda porque investir nesse local \u00e9 sin\u00f4nimo de lucro\" \/>\n<meta property=\"og:url\" content=\"https:\/\/www.construtoramtf.com.br\/blog\/palmas-do-arvoredo\/\" \/>\n<meta property=\"og:site_name\" content=\"Construtora MTF - Blog\" \/>\n<meta property=\"article:published_time\" content=\"2022-06-06T21:25:52+00:00\" \/>\n<meta property=\"article:modified_time\" content=\"2024-05-29T16:34:15+00:00\" \/>\n<meta property=\"og:image\" content=\"https:\/\/www.construtoramtf.com.br\/blog\/wp-content\/uploads\/2022\/04\/praia-de-palmas-1-scaled.jpg\" \/>\n\t<meta property=\"og:image:width\" content=\"2560\" \/>\n\t<meta property=\"og:image:height\" content=\"1705\" \/>\n\t<meta property=\"og:image:type\" content=\"image\/jpeg\" \/>\n<meta name=\"twitter:card\" content=\"summary_large_image\" \/>\n<meta name=\"twitter:label1\" content=\"Written by\" \/>\n\t<meta name=\"twitter:data1\" content=\"admin\" \/>\n\t<meta name=\"twitter:label2\" content=\"Est. reading time\" \/>\n\t<meta name=\"twitter:data2\" content=\"9 minutos\" \/>\n<script type=\"application\/ld+json\" class=\"yoast-schema-graph\">{\"@context\":\"https:\/\/schema.org\",\"@graph\":[{\"@type\":\"WebSite\",\"@id\":\"https:\/\/www.construtoramtf.com.br\/blog\/#website\",\"url\":\"https:\/\/www.construtoramtf.com.br\/blog\/\",\"name\":\"Construtora MTF - Blog\",\"description\":\"Construtora MTF\",\"potentialAction\":[{\"@type\":\"SearchAction\",\"target\":{\"@type\":\"EntryPoint\",\"urlTemplate\":\"https:\/\/www.construtoramtf.com.br\/blog\/?s={search_term_string}\"},\"query-input\":\"required name=search_term_string\"}],\"inLanguage\":\"pt-BR\"},{\"@type\":\"ImageObject\",\"@id\":\"https:\/\/www.construtoramtf.com.br\/blog\/palmas-do-arvoredo\/#primaryimage\",\"inLanguage\":\"pt-BR\",\"url\":\"https:\/\/www.construtoramtf.com.br\/blog\/wp-content\/uploads\/2022\/04\/praia-de-palmas-1-scaled.jpg\",\"contentUrl\":\"https:\/\/www.construtoramtf.com.br\/blog\/wp-content\/uploads\/2022\/04\/praia-de-palmas-1-scaled.jpg\",\"width\":2560,\"height\":1705,\"caption\":\"palmas de arvoredo\"},{\"@type\":\"WebPage\",\"@id\":\"https:\/\/www.construtoramtf.com.br\/blog\/palmas-do-arvoredo\/#webpage\",\"url\":\"https:\/\/www.construtoramtf.com.br\/blog\/palmas-do-arvoredo\/\",\"name\":\"Entenda a valoriza\u00e7\u00e3o recorde de Palmas do Arvoredo\",\"isPartOf\":{\"@id\":\"https:\/\/www.construtoramtf.com.br\/blog\/#website\"},\"primaryImageOfPage\":{\"@id\":\"https:\/\/www.construtoramtf.com.br\/blog\/palmas-do-arvoredo\/#primaryimage\"},\"datePublished\":\"2022-06-06T21:25:52+00:00\",\"dateModified\":\"2024-05-29T16:34:15+00:00\",\"author\":{\"@id\":\"https:\/\/www.construtoramtf.com.br\/blog\/#\/schema\/person\/ffb499ee8c414b790b64cd7fda86c4c2\"},\"description\":\"Palmas de Arvoredo \u00e9 a principal praia de Governador Celso Ramos; no artigo, entenda porque investir nesse local \u00e9 sin\u00f4nimo de lucro\",\"breadcrumb\":{\"@id\":\"https:\/\/www.construtoramtf.com.br\/blog\/palmas-do-arvoredo\/#breadcrumb\"},\"inLanguage\":\"pt-BR\",\"potentialAction\":[{\"@type\":\"ReadAction\",\"target\":[\"https:\/\/www.construtoramtf.com.br\/blog\/palmas-do-arvoredo\/\"]}]},{\"@type\":\"BreadcrumbList\",\"@id\":\"https:\/\/www.construtoramtf.com.br\/blog\/palmas-do-arvoredo\/#breadcrumb\",\"itemListElement\":[{\"@type\":\"ListItem\",\"position\":1,\"name\":\"In\u00edcio\",\"item\":\"https:\/\/www.construtoramtf.com.br\/blog\/\"},{\"@type\":\"ListItem\",\"position\":2,\"name\":\"Valoriza\u00e7\u00e3o recorde de Palmas do Arvoredo: entenda porque a regi\u00e3o s\u00f3 cresce!\"}]},{\"@type\":\"Person\",\"@id\":\"https:\/\/www.construtoramtf.com.br\/blog\/#\/schema\/person\/ffb499ee8c414b790b64cd7fda86c4c2\",\"name\":\"admin\",\"image\":{\"@type\":\"ImageObject\",\"@id\":\"https:\/\/www.construtoramtf.com.br\/blog\/#personlogo\",\"inLanguage\":\"pt-BR\",\"url\":\"https:\/\/secure.gravatar.com\/avatar\/13e0165a7834061d6983eae0945c4af3?s=96&d=mm&r=g\",\"contentUrl\":\"https:\/\/secure.gravatar.com\/avatar\/13e0165a7834061d6983eae0945c4af3?s=96&d=mm&r=g\",\"caption\":\"admin\"},\"sameAs\":[\"https:\/\/www.tiki.com.br\"],\"url\":\"https:\/\/www.construtoramtf.com.br\/blog\/author\/admin\/\"}]}<\/script>\n<!-- \/ Yoast SEO plugin. -->","yoast_head_json":{"title":"Entenda a valoriza\u00e7\u00e3o recorde de Palmas do Arvoredo","description":"Palmas de Arvoredo \u00e9 a principal praia de Governador Celso Ramos; no artigo, entenda porque investir nesse local \u00e9 sin\u00f4nimo de lucro","robots":{"index":"index","follow":"follow","max-snippet":"max-snippet:-1","max-image-preview":"max-image-preview:large","max-video-preview":"max-video-preview:-1"},"canonical":"https:\/\/www.construtoramtf.com.br\/blog\/palmas-do-arvoredo\/","og_locale":"pt_BR","og_type":"article","og_title":"Entenda a valoriza\u00e7\u00e3o recorde de Palmas do Arvoredo","og_description":"Palmas de Arvoredo \u00e9 a principal praia de Governador Celso Ramos; no artigo, entenda porque investir nesse local \u00e9 sin\u00f4nimo de lucro","og_url":"https:\/\/www.construtoramtf.com.br\/blog\/palmas-do-arvoredo\/","og_site_name":"Construtora MTF - Blog","article_published_time":"2022-06-06T21:25:52+00:00","article_modified_time":"2024-05-29T16:34:15+00:00","og_image":[{"width":2560,"height":1705,"url":"https:\/\/www.construtoramtf.com.br\/blog\/wp-content\/uploads\/2022\/04\/praia-de-palmas-1-scaled.jpg","type":"image\/jpeg"}],"twitter_card":"summary_large_image","twitter_misc":{"Written by":"admin","Est. reading time":"9 minutos"},"schema":{"@context":"https:\/\/schema.org","@graph":[{"@type":"WebSite","@id":"https:\/\/www.construtoramtf.com.br\/blog\/#website","url":"https:\/\/www.construtoramtf.com.br\/blog\/","name":"Construtora MTF - Blog","description":"Construtora MTF","potentialAction":[{"@type":"SearchAction","target":{"@type":"EntryPoint","urlTemplate":"https:\/\/www.construtoramtf.com.br\/blog\/?s={search_term_string}"},"query-input":"required name=search_term_string"}],"inLanguage":"pt-BR"},{"@type":"ImageObject","@id":"https:\/\/www.construtoramtf.com.br\/blog\/palmas-do-arvoredo\/#primaryimage","inLanguage":"pt-BR","url":"https:\/\/www.construtoramtf.com.br\/blog\/wp-content\/uploads\/2022\/04\/praia-de-palmas-1-scaled.jpg","contentUrl":"https:\/\/www.construtoramtf.com.br\/blog\/wp-content\/uploads\/2022\/04\/praia-de-palmas-1-scaled.jpg","width":2560,"height":1705,"caption":"palmas de arvoredo"},{"@type":"WebPage","@id":"https:\/\/www.construtoramtf.com.br\/blog\/palmas-do-arvoredo\/#webpage","url":"https:\/\/www.construtoramtf.com.br\/blog\/palmas-do-arvoredo\/","name":"Entenda a valoriza\u00e7\u00e3o recorde de Palmas do Arvoredo","isPartOf":{"@id":"https:\/\/www.construtoramtf.com.br\/blog\/#website"},"primaryImageOfPage":{"@id":"https:\/\/www.construtoramtf.com.br\/blog\/palmas-do-arvoredo\/#primaryimage"},"datePublished":"2022-06-06T21:25:52+00:00","dateModified":"2024-05-29T16:34:15+00:00","author":{"@id":"https:\/\/www.construtoramtf.com.br\/blog\/#\/schema\/person\/ffb499ee8c414b790b64cd7fda86c4c2"},"description":"Palmas de Arvoredo \u00e9 a principal praia de Governador Celso Ramos; no artigo, entenda porque investir nesse local \u00e9 sin\u00f4nimo de lucro","breadcrumb":{"@id":"https:\/\/www.construtoramtf.com.br\/blog\/palmas-do-arvoredo\/#breadcrumb"},"inLanguage":"pt-BR","potentialAction":[{"@type":"ReadAction","target":["https:\/\/www.construtoramtf.com.br\/blog\/palmas-do-arvoredo\/"]}]},{"@type":"BreadcrumbList","@id":"https:\/\/www.construtoramtf.com.br\/blog\/palmas-do-arvoredo\/#breadcrumb","itemListElement":[{"@type":"ListItem","position":1,"name":"In\u00edcio","item":"https:\/\/www.construtoramtf.com.br\/blog\/"},{"@type":"ListItem","position":2,"name":"Valoriza\u00e7\u00e3o recorde de Palmas do Arvoredo: entenda porque a regi\u00e3o s\u00f3 cresce!"}]},{"@type":"Person","@id":"https:\/\/www.construtoramtf.com.br\/blog\/#\/schema\/person\/ffb499ee8c414b790b64cd7fda86c4c2","name":"admin","image":{"@type":"ImageObject","@id":"https:\/\/www.construtoramtf.com.br\/blog\/#personlogo","inLanguage":"pt-BR","url":"https:\/\/secure.gravatar.com\/avatar\/13e0165a7834061d6983eae0945c4af3?s=96&d=mm&r=g","contentUrl":"https:\/\/secure.gravatar.com\/avatar\/13e0165a7834061d6983eae0945c4af3?s=96&d=mm&r=g","caption":"admin"},"sameAs":["https:\/\/www.tiki.com.br"],"url":"https:\/\/www.construtoramtf.com.br\/blog\/author\/admin\/"}]}},"_links":{"self":[{"href":"https:\/\/www.construtoramtf.com.br\/blog\/wp-json\/wp\/v2\/posts\/766"}],"collection":[{"href":"https:\/\/www.construtoramtf.com.br\/blog\/wp-json\/wp\/v2\/posts"}],"about":[{"href":"https:\/\/www.construtoramtf.com.br\/blog\/wp-json\/wp\/v2\/types\/post"}],"author":[{"embeddable":true,"href":"https:\/\/www.construtoramtf.com.br\/blog\/wp-json\/wp\/v2\/users\/1"}],"replies":[{"embeddable":true,"href":"https:\/\/www.construtoramtf.com.br\/blog\/wp-json\/wp\/v2\/comments?post=766"}],"version-history":[{"count":8,"href":"https:\/\/www.construtoramtf.com.br\/blog\/wp-json\/wp\/v2\/posts\/766\/revisions"}],"predecessor-version":[{"id":1420,"href":"https:\/\/www.construtoramtf.com.br\/blog\/wp-json\/wp\/v2\/posts\/766\/revisions\/1420"}],"wp:featuredmedia":[{"embeddable":true,"href":"https:\/\/www.construtoramtf.com.br\/blog\/wp-json\/wp\/v2\/media\/717"}],"wp:attachment":[{"href":"https:\/\/www.construtoramtf.com.br\/blog\/wp-json\/wp\/v2\/media?parent=766"}],"wp:term":[{"taxonomy":"category","embeddable":true,"href":"https:\/\/www.construtoramtf.com.br\/blog\/wp-json\/wp\/v2\/categories?post=766"},{"taxonomy":"post_tag","embeddable":true,"href":"https:\/\/www.construtoramtf.com.br\/blog\/wp-json\/wp\/v2\/tags?post=766"}],"curies":[{"name":"wp","href":"https:\/\/api.w.org\/{rel}","templated":true}]}}